{"id":3179,"date":"2025-10-23T14:09:05","date_gmt":"2025-10-23T18:09:05","guid":{"rendered":"\/mag-mtaregion\/?p=3179"},"modified":"2025-10-23T14:09:05","modified_gmt":"2025-10-23T18:09:05","slug":"m-ta-region-montreal-et-quebec-nos-dernieres-nouveautes-a-decouvrir","status":"publish","type":"post","link":"\/mag-mtaregion\/m-ta-region-montreal-et-quebec-nos-dernieres-nouveautes-a-decouvrir","title":{"rendered":"M ta r\u00e9gion : Montr\u00e9al et Qu\u00e9bec, nos derni\u00e8res nouveaut\u00e9s \u00e0 d\u00e9couvrir !"},"content":{"rendered":"\n<p>Des p\u00e2tisseries, de l&rsquo;Espagne et de l&rsquo;Italie sont \u00e0 l&rsquo;honneur dans ces derni\u00e8res nouveaut\u00e9s.<\/p>\n\n\n\n<p>Ces entreprises qu\u00e9becoises ont d\u00e9cid\u00e9es de s&rsquo;engager pour l&rsquo;\u00e9conomie locale en rejoignant M ta r\u00e9gion. Elles sont chacune \u00e0 tester d\u2019urgence pour les plus curieux(ses) et gourmands(es) d\u2019entre vous\u00a0! <\/p>\n\n\n\n<p><a href=\"https:\/\/mtaregion.com\/purchase\" data-type=\"link\" data-id=\"https:\/\/mtaregion.com\/purchase\"><strong>Cliquez ici<\/strong><\/a> pour prendre votre abonnement M ta r\u00e9gion si vous souhaitez pouvoir obtenir vos r\u00e9ductions. <br><br><\/p>\n\n\n\n<h3 class=\"wp-block-heading\"><strong><strong><a href=\"https:\/\/mtaregion.com\/experiences\/les-madeleines-demilie-4787\" data-type=\"link\" data-id=\"https:\/\/mtaregion.com\/experiences\/les-madeleines-demilie-4787\">Les Madeleines d\u2019\u00c9milie<\/a><\/strong><\/strong><a href=\"https:\/\/mtaregion.com\/experiences\/les-passionnes-restaurant-4745\" data-type=\"link\" data-id=\"https:\/\/mtaregion.com\/experiences\/les-passionnes-restaurant-4745\"> <\/a><strong>&#8211; Montr\u00e9al<\/strong>,<\/h3>\n\n\n\n<p>D\u00e9couvrez\u00a0<strong>Les Madeleines d\u2019\u00c9milie<\/strong>, au pied du Mont Royal, face au parc Jeanne-Mance. Cette boutique r\u00e9invente le petit coquillage moelleux qui r\u00e9veille les plus doux souvenirs. Chaque madeleine sucr\u00e9e ou sal\u00e9e est pr\u00e9par\u00e9e artisanalement avec des ingr\u00e9dients locaux choisis pour leur qualit\u00e9. Garnies de chocolat fondant, caramel, fruits, fromages ou l\u00e9gumes, elles se savourent nature ou d\u00e9licatement parfum\u00e9es \u00e0 la vanille. Sur place ou \u00e0 emporter, accompagnez-les d\u2019un smoothie, d\u2019un caf\u00e9 ou d\u2019un th\u00e9, et laissez la magie op\u00e9rer\u2026<\/p>\n\n\n\n<div class=\"wp-block-columns alignfull is-layout-flex wp-container-core-columns-is-layout-9d6595d7 wp-block-columns-is-layout-flex\">\n<div class=\"wp-block-column is-layout-flow wp-block-column-is-layout-flow\" style=\"flex-basis:50%\">\n<div class=\"wp-block-cover is-light\" style=\"min-height:600px;aspect-ratio:unset;\"><img loading=\"lazy\" decoding=\"async\" width=\"683\" height=\"1024\" class=\"wp-block-cover__image-background wp-image-3182 size-large\" alt=\"\" src=\"https:\/\/wordpress.miloguide.com\/wp-content\/uploads\/2025\/10\/DSC9164-2-1-1-683x1024.jpg\" data-object-fit=\"cover\" srcset=\"https:\/\/wordpress.miloguide.com\/wp-content\/uploads\/2025\/10\/DSC9164-2-1-1-683x1024.jpg 683w, https:\/\/wordpress.miloguide.com\/wp-content\/uploads\/2025\/10\/DSC9164-2-1-1-200x300.jpg 200w, https:\/\/wordpress.miloguide.com\/wp-content\/uploads\/2025\/10\/DSC9164-2-1-1-768x1152.jpg 768w, https:\/\/wordpress.miloguide.com\/wp-content\/uploads\/2025\/10\/DSC9164-2-1-1-1024x1536.jpg 1024w, https:\/\/wordpress.miloguide.com\/wp-content\/uploads\/2025\/10\/DSC9164-2-1-1.jpg 1032w\" sizes=\"auto, (max-width: 683px) 100vw, 683px\" \/><span aria-hidden=\"true\" class=\"wp-block-cover__background has-background-dim-30 has-background-dim\" style=\"background-color:#f6f6f6\"><\/span><div class=\"wp-block-cover__inner-container is-layout-flow wp-block-cover-is-layout-flow\">\n<figure class=\"wp-block-gallery aligncenter has-nested-images columns-default is-cropped wp-block-gallery-1 is-layout-flex wp-block-gallery-is-layout-flex\">\n<figure class=\"wp-block-image size-large\"><img loading=\"lazy\" decoding=\"async\" width=\"683\" height=\"1024\" data-id=\"3181\" src=\"https:\/\/wordpress.miloguide.com\/wp-content\/uploads\/2025\/10\/DSC9164-2-1-683x1024.jpg\" alt=\"\" class=\"wp-image-3181\" srcset=\"https:\/\/wordpress.miloguide.com\/wp-content\/uploads\/2025\/10\/DSC9164-2-1-683x1024.jpg 683w, https:\/\/wordpress.miloguide.com\/wp-content\/uploads\/2025\/10\/DSC9164-2-1-200x300.jpg 200w, https:\/\/wordpress.miloguide.com\/wp-content\/uploads\/2025\/10\/DSC9164-2-1-768x1152.jpg 768w, https:\/\/wordpress.miloguide.com\/wp-content\/uploads\/2025\/10\/DSC9164-2-1-1024x1536.jpg 1024w, https:\/\/wordpress.miloguide.com\/wp-content\/uploads\/2025\/10\/DSC9164-2-1.jpg 1032w\" sizes=\"auto, (max-width: 683px) 100vw, 683px\" \/><\/figure>\n<\/figure>\n<\/div><\/div>\n<\/div>\n\n\n\n<div class=\"wp-block-column is-vertically-aligned-center is-layout-flow wp-block-column-is-layout-flow\" style=\"padding-top:1em;padding-right:1em;padding-bottom:1em;padding-left:1em\">\n<div class=\"wp-block-columns is-layout-flex wp-container-core-columns-is-layout-9d6595d7 wp-block-columns-is-layout-flex\">\n<div class=\"wp-block-column is-layout-flow wp-block-column-is-layout-flow\" style=\"flex-basis:320px\">\n<h4 class=\"wp-block-heading\"><strong><strong>Rencontrez \u00c9milie, propri\u00e9taire des Madeleines d&rsquo;\u00c9milie  <\/strong>:<\/strong>\u00a0<br><\/h4>\n\n\n\n<ul style=\"font-size:14px\" class=\"wp-block-list\">\n<li><strong><em><strong><em>Quel est votre produit incontournable \u00e0 d\u00e9guster absolument?<\/em><\/strong> <\/em><\/strong> \u00abLa madeleine caramel beurre sal\u00e9 est LA pr\u00e9f\u00e9r\u00e9e des clients en g\u00e9n\u00e9ral. Elle n&rsquo;est pas trop sucr\u00e9e et a un petit go\u00fbt de biscuit.\u00bb.<\/li>\n<\/ul>\n\n\n\n<ul style=\"font-size:14px\" class=\"wp-block-list\">\n<li><strong><em>Une anecdote \u00e0 nous raconter ?<\/em><\/strong> \u00abJ&rsquo;ai cr\u00e9\u00e9 la madeleine Rocher en lien avec ma petite addiction aux noisettes, au pralin\u00e9 et au chocolat. Depuis toute petite j&rsquo;ai toujours mang\u00e9 des chocolats, d&rsquo;artisans chocolatiers, au pralin\u00e9 noisette. C&rsquo;\u00e9tait souvent le go\u00fbter que je demandais \u00e0 ma famille quand j&rsquo;\u00e9tais petite.\u00bb.<\/li>\n<\/ul>\n\n\n\n<ul style=\"font-size:14px\" class=\"wp-block-list\">\n<li><em><strong>Un secret bien gard\u00e9?<\/strong><\/em> \u00abBien s\u00e9lectionner la vanille, que ce soit gousse, poudre ou extrait, change tout dans une recette\u00bb.<\/li>\n<\/ul>\n<\/div>\n<\/div>\n<\/div>\n<\/div>\n\n\n\n<h5 class=\"wp-block-heading\">Obtenez jusqu\u2019\u00e0 25$ de r\u00e9duction au restaurant<a href=\"https:\/\/mtaregion.com\/experiences\/les-madeleines-demilie-4787\" data-type=\"link\" data-id=\"https:\/\/mtaregion.com\/experiences\/les-madeleines-demilie-4787\"> chez <strong><strong>Les Madeleines d\u2019\u00c9milie<\/strong><\/strong><\/a><\/h5>\n\n\n\n<hr class=\"wp-block-separator has-text-color has-luminous-vivid-orange-color has-alpha-channel-opacity has-luminous-vivid-orange-background-color has-background is-style-dots\"\/>\n\n\n\n<h3 class=\"wp-block-heading\"><strong><strong><a href=\"https:\/\/mtaregion.com\/experiences\/mila-ristorante-4771\" data-type=\"link\" data-id=\"https:\/\/mtaregion.com\/experiences\/mila-ristorante-4771\">Mila Ristorante<\/a><\/strong> &#8211; Qu\u00e9bec<\/strong><\/h3>\n\n\n\n<p><strong>Mila Ristorante<\/strong>, situ\u00e9 au rez-de-chauss\u00e9e de l\u2019H\u00f4tel Le Royal William en plein centre de Qu\u00e9bec, incarne l\u2019\u00e9l\u00e9gance italienne dans un cadre raffin\u00e9 et chaleureux. Leur cuisine authentique c\u00e9l\u00e8bre les saveurs m\u00e9diterran\u00e9ennes \u00e0 travers des plats pr\u00e9par\u00e9s avec des ingr\u00e9dients de premi\u00e8re qualit\u00e9 \u2013 p\u00e2tes, viandes tendres, poissons d\u00e9licats \u2013 accompagn\u00e9s d\u2019une carte de vins soigneusement s\u00e9lectionn\u00e9e et de cocktails m\u00ealant tradition et cr\u00e9ativit\u00e9. L\u2019ambiance, alliant design sophistiqu\u00e9 et confort, se pr\u00eate aussi bien aux d\u00eeners romantiques qu\u2019aux repas d\u2019affaires ou aux soir\u00e9es festives, notamment leurs rendez-vous Spritz et hu\u00eetres. Les vendredis et samedis, un service de voiturier ajoute au confort de leurs invit\u00e9s.<\/p>\n\n\n\n<p>Mila Ristorante, c\u2019est l\u2019alliance du savoir-faire culinaire italien et de l\u2019art de recevoir, pour une exp\u00e9rience gastronomique au c\u0153ur de Qu\u00e9bec.\u00a0<\/p>\n\n\n\n<div class=\"wp-block-columns alignfull is-layout-flex wp-container-core-columns-is-layout-9d6595d7 wp-block-columns-is-layout-flex\">\n<div class=\"wp-block-column is-layout-flow wp-block-column-is-layout-flow\" style=\"flex-basis:50%\">\n<div class=\"wp-block-cover is-light\" style=\"min-height:600px;aspect-ratio:unset;\"><img loading=\"lazy\" decoding=\"async\" width=\"683\" height=\"1024\" class=\"wp-block-cover__image-background wp-image-3187 size-large\" alt=\"\" src=\"https:\/\/wordpress.miloguide.com\/wp-content\/uploads\/2025\/10\/1_girlsgrils-copie-1-1-683x1024.jpg\" data-object-fit=\"cover\" srcset=\"https:\/\/wordpress.miloguide.com\/wp-content\/uploads\/2025\/10\/1_girlsgrils-copie-1-1-683x1024.jpg 683w, https:\/\/wordpress.miloguide.com\/wp-content\/uploads\/2025\/10\/1_girlsgrils-copie-1-1-200x300.jpg 200w, https:\/\/wordpress.miloguide.com\/wp-content\/uploads\/2025\/10\/1_girlsgrils-copie-1-1-768x1152.jpg 768w, https:\/\/wordpress.miloguide.com\/wp-content\/uploads\/2025\/10\/1_girlsgrils-copie-1-1-1024x1536.jpg 1024w, https:\/\/wordpress.miloguide.com\/wp-content\/uploads\/2025\/10\/1_girlsgrils-copie-1-1-1365x2048.jpg 1365w, https:\/\/wordpress.miloguide.com\/wp-content\/uploads\/2025\/10\/1_girlsgrils-copie-1-1-scaled.jpg 1707w\" sizes=\"auto, (max-width: 683px) 100vw, 683px\" \/><span aria-hidden=\"true\" class=\"wp-block-cover__background has-background-dim\" style=\"background-color:#f6f6f6\"><\/span><div class=\"wp-block-cover__inner-container is-layout-flow wp-block-cover-is-layout-flow\">\n<figure class=\"wp-block-gallery aligncenter has-nested-images columns-default is-cropped wp-block-gallery-2 is-layout-flex wp-block-gallery-is-layout-flex\">\n<figure class=\"wp-block-image size-full\"><img loading=\"lazy\" decoding=\"async\" width=\"1707\" height=\"2560\" data-id=\"3186\" src=\"https:\/\/wordpress.miloguide.com\/wp-content\/uploads\/2025\/10\/1_girlsgrils-copie-1-scaled.jpg\" alt=\"\" class=\"wp-image-3186\" srcset=\"https:\/\/wordpress.miloguide.com\/wp-content\/uploads\/2025\/10\/1_girlsgrils-copie-1-scaled.jpg 1707w, https:\/\/wordpress.miloguide.com\/wp-content\/uploads\/2025\/10\/1_girlsgrils-copie-1-200x300.jpg 200w, https:\/\/wordpress.miloguide.com\/wp-content\/uploads\/2025\/10\/1_girlsgrils-copie-1-683x1024.jpg 683w, https:\/\/wordpress.miloguide.com\/wp-content\/uploads\/2025\/10\/1_girlsgrils-copie-1-768x1152.jpg 768w, https:\/\/wordpress.miloguide.com\/wp-content\/uploads\/2025\/10\/1_girlsgrils-copie-1-1024x1536.jpg 1024w, https:\/\/wordpress.miloguide.com\/wp-content\/uploads\/2025\/10\/1_girlsgrils-copie-1-1365x2048.jpg 1365w\" sizes=\"auto, (max-width: 1707px) 100vw, 1707px\" \/><\/figure>\n<\/figure>\n<\/div><\/div>\n<\/div>\n\n\n\n<div class=\"wp-block-column is-vertically-aligned-center is-layout-flow wp-block-column-is-layout-flow\" style=\"padding-top:1em;padding-right:1em;padding-bottom:1em;padding-left:1em\">\n<div class=\"wp-block-columns is-layout-flex wp-container-core-columns-is-layout-9d6595d7 wp-block-columns-is-layout-flex\">\n<div class=\"wp-block-column is-layout-flow wp-block-column-is-layout-flow\" style=\"flex-basis:320px\">\n<h4 class=\"wp-block-heading\"><strong><strong><strong>D\u00e9couvrez<\/strong><\/strong><\/strong> Mila Ristorante :<br><\/h4>\n\n\n\n<ul class=\"wp-block-list\">\n<li style=\"font-size:14px\"><strong><em>Quel est votre incontournable \u00e0 d\u00e9guster absolument ?<\/em><\/strong> <br>\u00abLa lasagne ! Dix \u00e9tages de p\u00e2tes avec notre sauce bolognaise maison, pr\u00e9par\u00e9e avec du b\u0153uf brais\u00e9 pendant 24 heures. Le tout napp\u00e9 d\u2019une sauce b\u00e9chamel onctueuse et garni de fromage fior di latte fondant\u00bb.<br><\/li>\n\n\n\n<li style=\"font-size:14px\"><em><strong>Une anecdote \u00e0 nous raconter <\/strong><\/em>? \u00abLe restaurant s\u2019appelle ainsi car le propri\u00e9taire pr\u00e9voyais pr\u00e9voyait d\u2019appeler sa fille Mila\u2026 Finalement, ils on eu un gar\u00e7on mais le nom est rest\u00e9\u00bb.<br><\/li>\n\n\n\n<li style=\"font-size:14px\"><strong><em>Un secret bien gard\u00e9 ?<\/em><\/strong> \u00abNotre formule d\u00eener est pens\u00e9e pour \u00eatre simple, rapide et efficace : id\u00e9ale pour bien manger m\u00eame avec un emploi du temps charg\u00e9. En plus, nous proposons des soir\u00e9es sp\u00e9ciales : les mercredis avec Guillermo et les jeudis hu\u00eetres, qui reprennent d\u00e8s septembre\u00bb.<\/li>\n<\/ul>\n<\/div>\n<\/div>\n<\/div>\n<\/div>\n\n\n\n<h5 class=\"wp-block-heading\">Obtenez jusqu\u2019\u00e0 50 $ de r\u00e9duction au<a href=\"https:\/\/mtaregion.com\/experiences\/prana-cafe-4711\" data-type=\"link\" data-id=\"https:\/\/mtaregion.com\/experiences\/prana-cafe-4711\"> <\/a><strong><strong><a href=\"https:\/\/mtaregion.com\/experiences\/mila-ristorante-4771\" data-type=\"link\" data-id=\"https:\/\/mtaregion.com\/experiences\/mila-ristorante-4771\">Mila Ristorante<\/a><\/strong><\/strong>.<\/h5>\n\n\n\n<hr class=\"wp-block-separator has-text-color has-luminous-vivid-orange-color has-alpha-channel-opacity has-luminous-vivid-orange-background-color has-background is-style-dots\"\/>\n\n\n\n<h3 class=\"wp-block-heading\"><strong><a href=\"https:\/\/mtaregion.com\/experiences\/ibericos-taverne-a-tapas-espagnoles-2333\" data-type=\"link\" data-id=\"https:\/\/mtaregion.com\/experiences\/ibericos-taverne-a-tapas-espagnoles-2333\">Ib\u00e9ricos Taverne \u00e0 Tapas<\/a> &#8211; <\/strong>Montr\u00e9al<\/h3>\n\n\n\n<p>Laissez-les vous transporter en Espagne, o\u00f9 vous d\u00e9couvrirez d\u2019authentiques tostadas au jambon ib\u00e9rique, sangria, et bien s\u00fbr, les c\u00e9l\u00e8bres patatas bravas! De la cuisine traditionnelle \u00e0 la cuisine moderne, Ib\u00e9ricos vous propose un menu exclusif de vins et de boissons espagnols, de cava et de cocktails. Vous y d\u00e9couvrirez une combinaison d&rsquo;ingr\u00e9dients espagnols de qualit\u00e9 et de produits saisonniers du Qu\u00e9bec, notamment la meilleure s\u00e9lection de jambon ib\u00e9rique de la ville! Laissez-vous emporter par les rythmes enlevants de la musique espagnole avec parents et amis et profitez de la m\u00eame ambiance que vous pouvez retrouver dans vos tavernes pr\u00e9f\u00e9r\u00e9es de Barcelone.\u00a0<\/p>\n\n\n\n<div class=\"wp-block-columns alignfull is-layout-flex wp-container-core-columns-is-layout-9d6595d7 wp-block-columns-is-layout-flex\">\n<div class=\"wp-block-column is-vertically-aligned-center is-layout-flow wp-block-column-is-layout-flow\" style=\"flex-basis:50%\">\n<div class=\"wp-block-cover is-light\" style=\"min-height:600px;aspect-ratio:unset;\"><img loading=\"lazy\" decoding=\"async\" width=\"1024\" height=\"683\" class=\"wp-block-cover__image-background wp-image-3192 size-large\" alt=\"\" src=\"https:\/\/wordpress.miloguide.com\/wp-content\/uploads\/2025\/10\/Two-Food-Photograhers-153_websize-2-1-1024x683.jpg\" data-object-fit=\"cover\" srcset=\"https:\/\/wordpress.miloguide.com\/wp-content\/uploads\/2025\/10\/Two-Food-Photograhers-153_websize-2-1-1024x683.jpg 1024w, https:\/\/wordpress.miloguide.com\/wp-content\/uploads\/2025\/10\/Two-Food-Photograhers-153_websize-2-1-300x200.jpg 300w, https:\/\/wordpress.miloguide.com\/wp-content\/uploads\/2025\/10\/Two-Food-Photograhers-153_websize-2-1-768x512.jpg 768w, https:\/\/wordpress.miloguide.com\/wp-content\/uploads\/2025\/10\/Two-Food-Photograhers-153_websize-2-1-1536x1024.jpg 1536w, https:\/\/wordpress.miloguide.com\/wp-content\/uploads\/2025\/10\/Two-Food-Photograhers-153_websize-2-1-600x400.jpg 600w, https:\/\/wordpress.miloguide.com\/wp-content\/uploads\/2025\/10\/Two-Food-Photograhers-153_websize-2-1.jpg 1600w\" sizes=\"auto, (max-width: 1024px) 100vw, 1024px\" \/><span aria-hidden=\"true\" class=\"wp-block-cover__background has-background-dim\" style=\"background-color:#f6f6f6\"><\/span><div class=\"wp-block-cover__inner-container is-layout-flow wp-block-cover-is-layout-flow\">\n<figure class=\"wp-block-gallery aligncenter has-nested-images columns-default is-cropped wp-block-gallery-3 is-layout-flex wp-block-gallery-is-layout-flex\">\n<figure class=\"wp-block-image size-full\"><img loading=\"lazy\" decoding=\"async\" width=\"1600\" height=\"1067\" data-id=\"3191\" src=\"https:\/\/wordpress.miloguide.com\/wp-content\/uploads\/2025\/10\/Two-Food-Photograhers-153_websize-2.jpg\" alt=\"\" class=\"wp-image-3191\" srcset=\"https:\/\/wordpress.miloguide.com\/wp-content\/uploads\/2025\/10\/Two-Food-Photograhers-153_websize-2.jpg 1600w, https:\/\/wordpress.miloguide.com\/wp-content\/uploads\/2025\/10\/Two-Food-Photograhers-153_websize-2-300x200.jpg 300w, https:\/\/wordpress.miloguide.com\/wp-content\/uploads\/2025\/10\/Two-Food-Photograhers-153_websize-2-1024x683.jpg 1024w, https:\/\/wordpress.miloguide.com\/wp-content\/uploads\/2025\/10\/Two-Food-Photograhers-153_websize-2-768x512.jpg 768w, https:\/\/wordpress.miloguide.com\/wp-content\/uploads\/2025\/10\/Two-Food-Photograhers-153_websize-2-1536x1024.jpg 1536w, https:\/\/wordpress.miloguide.com\/wp-content\/uploads\/2025\/10\/Two-Food-Photograhers-153_websize-2-600x400.jpg 600w\" sizes=\"auto, (max-width: 1600px) 100vw, 1600px\" \/><\/figure>\n<\/figure>\n<\/div><\/div>\n<\/div>\n\n\n\n<div class=\"wp-block-column is-vertically-aligned-center is-layout-flow wp-block-column-is-layout-flow\" style=\"padding-top:1em;padding-right:1em;padding-bottom:1em;padding-left:1em\">\n<div class=\"wp-block-columns is-layout-flex wp-container-core-columns-is-layout-9d6595d7 wp-block-columns-is-layout-flex\">\n<div class=\"wp-block-column is-layout-flow wp-block-column-is-layout-flow\" style=\"flex-basis:320px\">\n<h4 class=\"wp-block-heading\">Rencontrez Adriana et Haissam, propri\u00e9taires de l&rsquo;Ib\u00e9ricos<strong> :<\/strong><\/h4>\n\n\n\n<ul class=\"wp-block-list\">\n<li style=\"font-size:14px\"><strong><em>Quel est votre incontournable \u00e0 d\u00e9guster absoluement ? <\/em><\/strong> \u00abChez Ib\u00e9ricos Taverne \u00e0 Tapas, le produit phare reste notre jam\u00f3n ib\u00e9rico de bellota tranch\u00e9 \u00e0 la main. Chaque fine tranche fond en bouche et transporte nos clients directement en Espagne. C\u2019est le go\u00fbt qui incarne le mieux l\u2019\u00e2me de notre maison : raffin\u00e9, authentique et inoubliable\u00bb.<br><\/li>\n\n\n\n<li style=\"font-size:14px\"><strong><em>Une anecdote \u00e0 nous raconter ?<\/em><\/strong> \u00abAu tout d\u00e9but d\u2019Ib\u00e9ricos Taverne \u00e0 Tapas, un client espagnol est entr\u00e9 un soir, un peu par curiosit\u00e9. Apr\u00e8s avoir go\u00fbt\u00e9 notre jam\u00f3n et patatas bravas , il s\u2019est arr\u00eat\u00e9 un long moment puis a dit : \u201cIci, je me sens \u00e0 Barcelona\u201d Cette r\u00e9action spontan\u00e9e a marqu\u00e9 toute l\u2019\u00e9quipe \u2014 c\u2019\u00e9tait la preuve que Montr\u00e9al pouvait aussi devenir une petite place espagnole, simplement autour d\u2019une assiette de tapas\u00bb.<br><\/li>\n\n\n\n<li style=\"font-size:14px\"><em><strong>Un secret bien gard\u00e9 ? <\/strong><\/em>\u00abLe secret le mieux gard\u00e9 d\u2019Ib\u00e9ricos Taverne \u00e0 Tapas se trouve \u00e0 l\u2019\u00e9tage : notre espace Cafecito, un salon intimiste qui accueille des soir\u00e9es priv\u00e9es, des d\u00e9gustations et m\u00eame des karaok\u00e9s improvis\u00e9s. Beaucoup de clients r\u00e9guliers ne le d\u00e9couvrent qu\u2019apr\u00e8s plusieurs visites\u2026 et tombent sous le charme de ce coin cach\u00e9\u00bb.<\/li>\n<\/ul>\n<\/div>\n<\/div>\n<\/div>\n<\/div>\n\n\n\n<h5 class=\"wp-block-heading\">Obtenez jusqu&rsquo;\u00e0 50$ de r\u00e9duction chez <a href=\"https:\/\/miloguide.com\/experiences\/le-saint-sulpice-hotel-montreal-3402\"><\/a><strong><a href=\"https:\/\/mtaregion.com\/experiences\/ibericos-taverne-a-tapas-espagnoles-2333\" data-type=\"link\" data-id=\"https:\/\/mtaregion.com\/experiences\/ibericos-taverne-a-tapas-espagnoles-2333\">Ib\u00e9ricos Taverne \u00e0 Tapas<\/a><\/strong><a href=\"https:\/\/mtaregion.com\/experiences\/ibericos-taverne-a-tapas-espagnoles-2333\" data-type=\"link\" data-id=\"https:\/\/mtaregion.com\/experiences\/ibericos-taverne-a-tapas-espagnoles-2333\">.<\/a><\/h5>\n\n\n\n<hr class=\"wp-block-separator has-text-color has-luminous-vivid-orange-color has-alpha-channel-opacity has-luminous-vivid-orange-background-color has-background is-style-dots\"\/>\n\n\n\n<h3 class=\"wp-block-heading\"><strong><a href=\"https:\/\/mtaregion.com\/experiences\/espace-old-mill-4752\" data-type=\"link\" data-id=\"https:\/\/mtaregion.com\/experiences\/espace-old-mill-4752\">Caf\u00e9cito<\/a> &#8211; Montr\u00e9al<\/strong><\/h3>\n\n\n\n<p>Le petit fr\u00e8re d&rsquo;Ib\u00e9ricos, pr\u00e9parez-vous \u00e0 un voyage sans quitter le Plateau ! Chez Caf\u00e9cito, l\u2019Espagne s\u2019invite \u00e0 Montr\u00e9al dans une ambiance vibrante et conviviale. Ici, chaque d\u00e9tail \u00e9voque les caf\u00e9s madril\u00e8nes : le son des conversations anim\u00e9es, les ar\u00f4mes puissants du caf\u00e9 fra\u00eechement moulu, et les couleurs chaudes qui rappellent le soleil de la p\u00e9ninsule ib\u00e9rique. Vous y d\u00e9gusterez des caf\u00e9s pr\u00e9par\u00e9s \u00e0 la perfection, des toasts \u00e0 l\u2019huile d\u2019olive, du pain croustillant et des p\u00e2tisseries inspir\u00e9es des traditions espagnoles. Le tout dans un d\u00e9cor \u00e9l\u00e9gant et lumineux o\u00f9 il fait bon s\u2019attarder. Caf\u00e9cito, c\u2019est l\u2019endroit id\u00e9al pour une pause entre amis, un brunch aux accents ib\u00e9riques ou simplement pour s\u2019\u00e9vader quelques instants.<\/p>\n\n\n\n<div class=\"wp-block-columns alignfull is-layout-flex wp-container-core-columns-is-layout-9d6595d7 wp-block-columns-is-layout-flex\">\n<div class=\"wp-block-column is-vertically-aligned-center is-layout-flow wp-block-column-is-layout-flow\" style=\"flex-basis:50%\">\n<div class=\"wp-block-cover is-light\" style=\"min-height:600px;aspect-ratio:unset;\"><img loading=\"lazy\" decoding=\"async\" width=\"683\" height=\"1024\" class=\"wp-block-cover__image-background wp-image-3200 size-large\" alt=\"\" src=\"https:\/\/wordpress.miloguide.com\/wp-content\/uploads\/2025\/10\/Two-Food-Photograhers-91_websize-1-1-683x1024.jpg\" data-object-fit=\"cover\" srcset=\"https:\/\/wordpress.miloguide.com\/wp-content\/uploads\/2025\/10\/Two-Food-Photograhers-91_websize-1-1-683x1024.jpg 683w, https:\/\/wordpress.miloguide.com\/wp-content\/uploads\/2025\/10\/Two-Food-Photograhers-91_websize-1-1-200x300.jpg 200w, https:\/\/wordpress.miloguide.com\/wp-content\/uploads\/2025\/10\/Two-Food-Photograhers-91_websize-1-1-768x1152.jpg 768w, https:\/\/wordpress.miloguide.com\/wp-content\/uploads\/2025\/10\/Two-Food-Photograhers-91_websize-1-1-1024x1536.jpg 1024w, https:\/\/wordpress.miloguide.com\/wp-content\/uploads\/2025\/10\/Two-Food-Photograhers-91_websize-1-1.jpg 1067w\" sizes=\"auto, (max-width: 683px) 100vw, 683px\" \/><span aria-hidden=\"true\" class=\"wp-block-cover__background has-background-dim\" style=\"background-color:#f6f6f6\"><\/span><div class=\"wp-block-cover__inner-container is-layout-flow wp-block-cover-is-layout-flow\">\n<figure class=\"wp-block-gallery aligncenter has-nested-images columns-default is-cropped wp-block-gallery-4 is-layout-flex wp-block-gallery-is-layout-flex\">\n<figure class=\"wp-block-image size-full\"><img loading=\"lazy\" decoding=\"async\" width=\"1600\" height=\"1067\" data-id=\"3199\" src=\"https:\/\/wordpress.miloguide.com\/wp-content\/uploads\/2025\/10\/Two-Food-Photograhers-153_websize-2-2.jpg\" alt=\"\" class=\"wp-image-3199\" srcset=\"https:\/\/wordpress.miloguide.com\/wp-content\/uploads\/2025\/10\/Two-Food-Photograhers-153_websize-2-2.jpg 1600w, https:\/\/wordpress.miloguide.com\/wp-content\/uploads\/2025\/10\/Two-Food-Photograhers-153_websize-2-2-300x200.jpg 300w, https:\/\/wordpress.miloguide.com\/wp-content\/uploads\/2025\/10\/Two-Food-Photograhers-153_websize-2-2-1024x683.jpg 1024w, https:\/\/wordpress.miloguide.com\/wp-content\/uploads\/2025\/10\/Two-Food-Photograhers-153_websize-2-2-768x512.jpg 768w, https:\/\/wordpress.miloguide.com\/wp-content\/uploads\/2025\/10\/Two-Food-Photograhers-153_websize-2-2-1536x1024.jpg 1536w, https:\/\/wordpress.miloguide.com\/wp-content\/uploads\/2025\/10\/Two-Food-Photograhers-153_websize-2-2-600x400.jpg 600w\" sizes=\"auto, (max-width: 1600px) 100vw, 1600px\" \/><\/figure>\n<\/figure>\n<\/div><\/div>\n<\/div>\n\n\n\n<div class=\"wp-block-column is-vertically-aligned-center is-layout-flow wp-block-column-is-layout-flow\" style=\"padding-top:1em;padding-right:1em;padding-bottom:1em;padding-left:1em\">\n<div class=\"wp-block-columns is-layout-flex wp-container-core-columns-is-layout-9d6595d7 wp-block-columns-is-layout-flex\">\n<div class=\"wp-block-column is-layout-flow wp-block-column-is-layout-flow\" style=\"flex-basis:320px\">\n<h4 class=\"wp-block-heading\">Rencontrez Adriana et Haissam, \u00e9galement propri\u00e9taires de Caf\u00e9cito<strong> :<\/strong><\/h4>\n\n\n\n<ul class=\"wp-block-list\">\n<li style=\"font-size:14px\"><strong><em>Avez-vous une anecdote \u00e0 nous raconter ?<\/em><\/strong><br>\u00abLe Cafecito est n\u00e9 presque par hasard : nos clients venaient souvent le matin pour demander un caf\u00e9 en attendant l\u2019ouverture du restaurant Ib\u00e9ricos. De l\u00e0 est venue l\u2019id\u00e9e de cr\u00e9er un espace chaleureux, avec une vraie ambiance de caf\u00e9 de quartier, mais \u00e0 la saveur espagnole. Aujourd\u2019hui, c\u2019est aussi devenu un lieu de rencontre pour les amateurs de sport, car nous diffusons r\u00e9guli\u00e8rement les grands matchs de football europ\u00e9en\u00bb<br><\/li>\n\n\n\n<li style=\"font-size:14px\"><strong><em>Un secret bien gard\u00e9 ? <\/em><\/strong>\u00abBeaucoup de nos p\u00e2tisseries et desserts sont pr\u00e9par\u00e9s selon des recettes de famille que nous gardons pr\u00e9cieusement. Mais le vrai secret, c\u2019est que tout est pens\u00e9 pour accompagner le caf\u00e9 comme si vous \u00e9tiez assis \u00e0 une terrasse de Madrid ou de Barcelone, le temps d\u2019une pause\u00bb.<br><\/li>\n\n\n\n<li style=\"font-size:14px\"><em><strong>Avez-vous un incontournable \u00e0 d\u00e9guster ? <\/strong><\/em>\u00abSans h\u00e9siter, notre caf\u00e9 con leche \u00e0 l\u2019espagnole accompagn\u00e9 d\u2019un de nos churros maison. C\u2019est une combinaison simple mais gourmande, qui transporte imm\u00e9diatement en Espagne et refl\u00e8te l\u2019esprit convivial du Cafecito\u00bb.<\/li>\n<\/ul>\n<\/div>\n<\/div>\n<\/div>\n<\/div>\n\n\n\n<h5 class=\"wp-block-heading\">Obtenez jusqu\u2019\u00e0 25$ de r\u00e9duction au <a href=\"https:\/\/mtaregion.com\/experiences\/espace-old-mill-4752\" data-type=\"link\" data-id=\"https:\/\/mtaregion.com\/experiences\/espace-old-mill-4752\">Caf\u00e9cito<\/a> !<\/h5>\n\n\n\n<p>Et voil\u00e0 pour cette \u00e9dition, on se retrouve dans un prochain article pour nos futures nouvelles exp\u00e9riences !<\/p>\n","protected":false},"excerpt":{"rendered":"<p>Des p\u00e2tisseries, de l&rsquo;Espagne et de l&rsquo;Italie sont \u00e0 l&rsquo;honneur dans ces derni\u00e8res nouveaut\u00e9s. Ces entreprises qu\u00e9becoises ont d\u00e9cid\u00e9es de s&rsquo;engager pour l&rsquo;\u00e9conomie locale en rejoignant M ta r\u00e9gion. Elles sont chacune \u00e0 tester d\u2019urgence pour les plus curieux(ses) et gourmands(es) d\u2019entre vous\u00a0! Cliquez ici pour prendre votre abonnement M<\/p>\n","protected":false},"author":11,"featured_media":0,"comment_status":"open","ping_status":"open","sticky":false,"template":"","format":"standard","meta":{"footnotes":""},"categories":[1],"tags":[],"class_list":["post-3179","post","type-post","status-publish","format-standard","hentry","category-uncategorized"],"_links":{"self":[{"href":"\/mag-mtaregion\/wp-json\/wp\/v2\/posts\/3179","targetHints":{"allow":["GET"]}}],"collection":[{"href":"\/mag-mtaregion\/wp-json\/wp\/v2\/posts"}],"about":[{"href":"\/mag-mtaregion\/wp-json\/wp\/v2\/types\/post"}],"author":[{"embeddable":true,"href":"\/mag-mtaregion\/wp-json\/wp\/v2\/users\/11"}],"replies":[{"embeddable":true,"href":"\/mag-mtaregion\/wp-json\/wp\/v2\/comments?post=3179"}],"version-history":[{"count":18,"href":"\/mag-mtaregion\/wp-json\/wp\/v2\/posts\/3179\/revisions"}],"predecessor-version":[{"id":3205,"href":"\/mag-mtaregion\/wp-json\/wp\/v2\/posts\/3179\/revisions\/3205"}],"wp:attachment":[{"href":"\/mag-mtaregion\/wp-json\/wp\/v2\/media?parent=3179"}],"wp:term":[{"taxonomy":"category","embeddable":true,"href":"\/mag-mtaregion\/wp-json\/wp\/v2\/categories?post=3179"},{"taxonomy":"post_tag","embeddable":true,"href":"\/mag-mtaregion\/wp-json\/wp\/v2\/tags?post=3179"}],"curies":[{"name":"wp","href":"https:\/\/api.w.org\/{rel}","templated":true}]}}