{"id":236,"date":"2020-09-15T15:02:00","date_gmt":"2020-09-15T19:02:00","guid":{"rendered":"https:\/\/wordpress.miloguide.com\/?p=236"},"modified":"2022-04-08T08:59:10","modified_gmt":"2022-04-08T12:59:10","slug":"cinemania-une-26e-edition-dans-une-salle-pres-de-chez-vous","status":"publish","type":"post","link":"\/mag-mtaregion\/cinemania-une-26e-edition-dans-une-salle-pres-de-chez-vous","title":{"rendered":"Cinemania : une 26e \u00e9dition dans une salle pr\u00e8s de chez vous"},"content":{"rendered":"\n<p>Le <a href=\"http:\/\/festivalcinemania.com\/fr(ouvre dans un nouvel onglet)\" target=\"_blank\" rel=\"noreferrer noopener\">festival de films francophones Cinemania<\/a> revient du 4 au 22 novembre et pour la premi\u00e8re fois en format hybride, avec 80 films diffus\u00e9s en salle et en ligne.<\/p>\n\n\n\n<p>Le 4 novembre au <a href=\"https:\/\/www.cinemaimperial.com\/?refreshXL=873853353708\" target=\"_blank\" rel=\"noreferrer noopener\">cin\u00e9ma Imp\u00e9rial<\/a> \u00e0 Montr\u00e9al, le festival Cinemania pr\u00e9sentera en pr\u00e9ouverture de sa 26e \u00e9dition le film\u00a0<em><a href=\"https:\/\/www.youtube.com\/watch?v=1oSvBrj6pys\" target=\"_blank\" rel=\"noreferrer noopener\">La nuit des rois<\/a>,<\/em>\u00a0du r\u00e9alisateur franco-ivoirien Philippe Lac\u00f4te. Cette \u0153uvre d\u00e9j\u00e0 diffus\u00e9e en premi\u00e8re mondiale \u00e0 Venise et au Festival international du film de Toronto \u00e9voque les contes oraux de la tradition ivoirienne, le milieu carc\u00e9ral, la jeunesse du pays et le contexte politique \u00e0 l\u2019\u00e8re du pr\u00e9sident actuel, Alassane Ouattara.\u00a0<\/p>\n\n\n\n<p>Parmi les 50 longs-m\u00e9trages et les 30 courts-m\u00e9trages du festival, les films fran\u00e7ais\u00a0<em><a href=\"https:\/\/www.youtube.com\/watch?v=JLaZBRT6Ev4\" target=\"_blank\" rel=\"noreferrer noopener\">\u00c9t\u00e9 85<\/a><\/em>\u00a0de Fran\u00e7ois Ozon et\u00a0<em><a href=\"https:\/\/www.youtube.com\/watch?v=lmyCxRCEggE\" target=\"_blank\" rel=\"noreferrer noopener\">Slalom<\/a>\u00a0<\/em>de Charl\u00e8ne Favier seront \u00e9galement pr\u00e9sent\u00e9s en avant-premi\u00e8re de l\u2019\u00e9v\u00e9nement.\u00a0<\/p>\n\n\n\n<p>Le volet en salles, qui aura lieu du 4 au 15 novembre, pr\u00e9voit des projections dans le respect des mesures sanitaires de la Sant\u00e9 publique. La version num\u00e9rique des films est quant \u00e0 elle accessible jusqu\u2019au 22 novembre tant pour le public qu\u00e9b\u00e9cois que les cin\u00e9philes du reste du Canada.<\/p>\n\n\n\n<p>Pour cette \u00e9dition hybride, le festival a adapt\u00e9 son offre tarifaire. L\u2019exp\u00e9rience en salle co\u00fbte 13 dollars par film, et un carnet de six films est disponible \u00e0 69 dollars, celui de douze films \u00e0 130 dollars. Un forfait incluant la pr\u00e9ouverture, l\u2019ouverture et la cl\u00f4ture de Cinemania au Cin\u00e9ma Imp\u00e9rial est quant \u00e0 lui \u00e0 20 dollars. L\u2019exp\u00e9rience en ligne est quant \u00e0 elle disponible au prix de 8 dollars par film, ou \u00e0 65 dollars pour le passeport.<\/p>\n\n\n\n<figure class=\"wp-block-image\"><img decoding=\"async\" src=\"https:\/\/images.ctfassets.net\/48476yfu7f4n\/3cWh44t8rUDsfaU4dSDx9f\/e687b9904789e9c48668ae6ea55a93d7\/LNDR_05_retouch__e_IG.jpg?h=600\" alt=\"\"\/><\/figure>\n\n\n\n<p>Photos :&nbsp;<em>La Nuit des Rois<\/em><\/p>\n\n\n\n<p>Cinemania<\/p>\n\n\n\n<p>&nbsp;Du 4 au 22 novembre&nbsp;<\/p>\n\n\n\n<p>&nbsp;<a href=\"https:\/\/www.festivalcinemania.com\/\" target=\"_blank\" rel=\"noreferrer noopener\">festivalcinemania.com<\/a><\/p>\n","protected":false},"excerpt":{"rendered":"<p>Le festival de films francophones revient du 4 au 22 novembre et pour la premi\u00e8re fois en format hybride, avec 80 films diffus\u00e9s en salle et en ligne.<\/p>\n","protected":false},"author":1,"featured_media":237,"comment_status":"open","ping_status":"open","sticky":false,"template":"","format":"standard","meta":{"footnotes":""},"categories":[5,15],"tags":[95,81,45],"class_list":["post-236","post","type-post","status-publish","format-standard","has-post-thumbnail","hentry","category-escapades","category-montreal","tag-cinema","tag-culture","tag-culture-et-divertissement"],"_links":{"self":[{"href":"\/mag-mtaregion\/wp-json\/wp\/v2\/posts\/236","targetHints":{"allow":["GET"]}}],"collection":[{"href":"\/mag-mtaregion\/wp-json\/wp\/v2\/posts"}],"about":[{"href":"\/mag-mtaregion\/wp-json\/wp\/v2\/types\/post"}],"author":[{"embeddable":true,"href":"\/mag-mtaregion\/wp-json\/wp\/v2\/users\/1"}],"replies":[{"embeddable":true,"href":"\/mag-mtaregion\/wp-json\/wp\/v2\/comments?post=236"}],"version-history":[{"count":3,"href":"\/mag-mtaregion\/wp-json\/wp\/v2\/posts\/236\/revisions"}],"predecessor-version":[{"id":623,"href":"\/mag-mtaregion\/wp-json\/wp\/v2\/posts\/236\/revisions\/623"}],"wp:featuredmedia":[{"embeddable":true,"href":"\/mag-mtaregion\/wp-json\/wp\/v2\/media\/237"}],"wp:attachment":[{"href":"\/mag-mtaregion\/wp-json\/wp\/v2\/media?parent=236"}],"wp:term":[{"taxonomy":"category","embeddable":true,"href":"\/mag-mtaregion\/wp-json\/wp\/v2\/categories?post=236"},{"taxonomy":"post_tag","embeddable":true,"href":"\/mag-mtaregion\/wp-json\/wp\/v2\/tags?post=236"}],"curies":[{"name":"wp","href":"https:\/\/api.w.org\/{rel}","templated":true}]}}